{"id":3748,"date":"2026-01-16T19:57:47","date_gmt":"2026-01-16T19:57:47","guid":{"rendered":"https:\/\/www.unicuc.mx\/inicio\/?p=3748"},"modified":"2026-01-16T19:57:49","modified_gmt":"2026-01-16T19:57:49","slug":"honor-y-memoria-el-legado-del-lic-gustavo-rebora","status":"publish","type":"post","link":"https:\/\/www.unicuc.mx\/inicio\/eventos\/honor-y-memoria-el-legado-del-lic-gustavo-rebora\/","title":{"rendered":"Honor y Memoria: El legado del Lic. Gustavo Rebora."},"content":{"rendered":"\n<p>CELAYA, GTO. \u2013 Durante la reciente ceremonia del reconocimiento \u201cOrgullo Celayense 2025\u201d, se rindi\u00f3 un emotivo homenaje p\u00f3stumo al Lic. Gustavo R\u00e9bora, destacando su figura no solo como l\u00edder empresarial, sino como el pilar fundamental de la Universidad Celsus. Adem\u00e1s, el legado del Lic. Gustavo Rebora. fundador del Centro Universitario Celsus sigue presente como inspiraci\u00f3n para la comunidad educativa y la sociedad celayense. De hecho, el evento resalt\u00f3 una vez m\u00e1s el valor de El legado del Lic. Gustavo Rebora. fundador del Centro Universitario Celsus para nuevas generaciones.<\/p>\n\n\n\n<p>Ante la presencia de autoridades como Cristina Villase\u00f1or, titular de la Secretar\u00eda de Econom\u00eda, el Consejo Coordinador Empresarial honr\u00f3 la trayectoria de quien fuera un hombre de visi\u00f3n profunda y pasi\u00f3n por el arte. Durante el acto, se subray\u00f3 que el esp\u00edritu del Lic. R\u00e9bora sigue vivo en las aulas de la universidad que fund\u00f3: su disciplina, unidad y fe en el futuro permanecen como los cimientos inquebrantables de la instituci\u00f3n. Por tanto, El legado del Lic. Gustavo Rebora. fundador del Centro Universitario Celsus es motivo de orgullo para toda la comunidad educativa.<\/p>\n\n\n\n<p class=\"has-white-background-color has-background\">Este reconocimiento confirma que su legado trasciende el tiempo, consolidando al Lic. Gustavo R\u00e9bora como la gu\u00eda y el alma que contin\u00faa inspirando a la comunidad de Celsus y al desarrollo de la regi\u00f3n. Sin duda, El legado del Lic. Gustavo Rebora. fundador del Centro Universitario Celsus motiva a seguir buscando la excelencia educativa. <a href=\"https:\/\/www.facebook.com\/100063944014476\/videos\/pcb.1357863449688443\/4324010567919200\">Ver mas&#8230; <\/a><\/p>\n\n\n\n<p><\/p>\n\n\n\n<div class=\"wp-block-group is-content-justification-center is-nowrap is-layout-flex wp-container-core-group-is-layout-94bc23d7 wp-block-group-is-layout-flex\">\n<div style=\"text-align: center;\">\n    <iframe loading=\"lazy\" \n        src=\"https:\/\/www.facebook.com\/plugins\/video.php?height=476&#038;href=https%3A%2F%2Fwww.facebook.com%2Freel%2F4324010567919200%2F&#038;show_text=false&#038;width=267&#038;t=0\" \n        width=\"267\" \n        height=\"476\" \n        style=\"border:none; overflow:hidden; width: 267px !important; height: 476px !important; max-width: 100%;\" \n        scrolling=\"no\" \n        frameborder=\"0\" \n        allowfullscreen=\"true\" \n        allow=\"autoplay; clipboard-write; encrypted-media; picture-in-picture; web-share\" \n        allowFullScreen=\"true\">\n    <\/iframe>\n<\/div>\n<\/div>\n\n\n\n<details class=\"wp-block-details is-layout-flow wp-block-details-is-layout-flow\" open><summary><\/summary>\n<p><\/p>\n<\/details>\n","protected":false},"excerpt":{"rendered":"<p>CELAYA, GTO. \u2013 Durante la reciente ceremonia del reconocimiento \u201cOrgullo Celayense 2025\u201d, se rindi\u00f3 un emotivo homenaje p\u00f3stumo al Lic. Gustavo R\u00e9bora, destacando su figura no solo como l\u00edder empresarial, sino como el pilar fundamental de la Universidad Celsus. Adem\u00e1s, el legado del Lic. Gustavo Rebora. fundador del Centro Universitario Celsus sigue presente como inspiraci\u00f3n [&hellip;]<\/p>\n","protected":false},"author":2,"featured_media":3767,"comment_status":"open","ping_status":"open","sticky":false,"template":"","format":"standard","meta":{"_exactmetrics_skip_tracking":false,"_exactmetrics_sitenote_active":false,"_exactmetrics_sitenote_note":"","_exactmetrics_sitenote_category":0,"_uf_show_specific_survey":0,"_uf_disable_surveys":false,"footnotes":""},"categories":[147],"tags":[42],"class_list":["post-3748","post","type-post","status-publish","format-standard","has-post-thumbnail","hentry","category-eventos","tag-centro-universitario-celsus"],"yoast_head":"<!-- This site is optimized with the Yoast SEO Premium plugin v26.8 (Yoast SEO v26.8) - https:\/\/yoast.com\/product\/yoast-seo-premium-wordpress\/ -->\n<title>El legado del Lic. Gustavo Rebora en Celsus - CELSUS<\/title>\n<meta name=\"description\" content=\"Descubre el legado del Lic. Gustavo Rebora, fundador del Centro Universitario Celsus y homenajeado en la ceremonia Orgullo Celayense 2025. %\" \/>\n<meta name=\"robots\" content=\"index, follow, max-snippet:-1, max-image-preview:large, max-video-preview:-1\" \/>\n<link rel=\"canonical\" href=\"https:\/\/www.unicuc.mx\/inicio\/eventos\/honor-y-memoria-el-legado-del-lic-gustavo-rebora\/\" \/>\n<meta property=\"og:locale\" content=\"es_ES\" \/>\n<meta property=\"og:type\" content=\"article\" \/>\n<meta property=\"og:title\" content=\"Honor y Memoria: El legado del Lic. Gustavo Rebora.\" \/>\n<meta property=\"og:description\" content=\"Descubre el legado del Lic. Gustavo Rebora, fundador del Centro Universitario Celsus y homenajeado en la ceremonia Orgullo Celayense 2025. %\" \/>\n<meta property=\"og:url\" content=\"https:\/\/www.unicuc.mx\/inicio\/eventos\/honor-y-memoria-el-legado-del-lic-gustavo-rebora\/\" \/>\n<meta property=\"og:site_name\" content=\"CELSUS\" \/>\n<meta property=\"article:publisher\" content=\"https:\/\/www.facebook.com\/unicelsus\" \/>\n<meta property=\"article:published_time\" content=\"2026-01-16T19:57:47+00:00\" \/>\n<meta property=\"article:modified_time\" content=\"2026-01-16T19:57:49+00:00\" \/>\n<meta property=\"og:image\" content=\"https:\/\/www.unicuc.mx\/inicio\/wp-content\/uploads\/2026\/01\/Diseno-sin-titulo-3-scaled.jpg\" \/>\n\t<meta property=\"og:image:width\" content=\"2560\" \/>\n\t<meta property=\"og:image:height\" content=\"1280\" \/>\n\t<meta property=\"og:image:type\" content=\"image\/jpeg\" \/>\n<meta name=\"author\" content=\"AdminCelsus\" \/>\n<meta name=\"twitter:card\" content=\"summary_large_image\" \/>\n<meta name=\"twitter:label1\" content=\"Escrito por\" \/>\n\t<meta name=\"twitter:data1\" content=\"AdminCelsus\" \/>\n\t<meta name=\"twitter:label2\" content=\"Tiempo de lectura\" \/>\n\t<meta name=\"twitter:data2\" content=\"2 minutos\" \/>\n<script type=\"application\/ld+json\" class=\"yoast-schema-graph\">{\"@context\":\"https:\/\/schema.org\",\"@graph\":[{\"@type\":\"Article\",\"@id\":\"https:\/\/www.unicuc.mx\/inicio\/eventos\/honor-y-memoria-el-legado-del-lic-gustavo-rebora\/#article\",\"isPartOf\":{\"@id\":\"https:\/\/www.unicuc.mx\/inicio\/eventos\/honor-y-memoria-el-legado-del-lic-gustavo-rebora\/\"},\"author\":{\"name\":\"AdminCelsus\",\"@id\":\"https:\/\/www.unicuc.mx\/inicio\/#\/schema\/person\/47987ad343f1bad39acd1a27f8015a57\"},\"headline\":\"Honor y Memoria: El legado del Lic. Gustavo Rebora.\",\"datePublished\":\"2026-01-16T19:57:47+00:00\",\"dateModified\":\"2026-01-16T19:57:49+00:00\",\"mainEntityOfPage\":{\"@id\":\"https:\/\/www.unicuc.mx\/inicio\/eventos\/honor-y-memoria-el-legado-del-lic-gustavo-rebora\/\"},\"wordCount\":262,\"commentCount\":0,\"publisher\":{\"@id\":\"https:\/\/www.unicuc.mx\/inicio\/#organization\"},\"image\":{\"@id\":\"https:\/\/www.unicuc.mx\/inicio\/eventos\/honor-y-memoria-el-legado-del-lic-gustavo-rebora\/#primaryimage\"},\"thumbnailUrl\":\"https:\/\/www.unicuc.mx\/inicio\/wp-content\/uploads\/2026\/01\/Diseno-sin-titulo-3-scaled.jpg\",\"keywords\":[\"Centro Universitario Celsus\"],\"articleSection\":[\"Eventos\"],\"inLanguage\":\"es\",\"potentialAction\":[{\"@type\":\"CommentAction\",\"name\":\"Comment\",\"target\":[\"https:\/\/www.unicuc.mx\/inicio\/eventos\/honor-y-memoria-el-legado-del-lic-gustavo-rebora\/#respond\"]}]},{\"@type\":\"WebPage\",\"@id\":\"https:\/\/www.unicuc.mx\/inicio\/eventos\/honor-y-memoria-el-legado-del-lic-gustavo-rebora\/\",\"url\":\"https:\/\/www.unicuc.mx\/inicio\/eventos\/honor-y-memoria-el-legado-del-lic-gustavo-rebora\/\",\"name\":\"El legado del Lic. Gustavo Rebora en Celsus - CELSUS\",\"isPartOf\":{\"@id\":\"https:\/\/www.unicuc.mx\/inicio\/#website\"},\"primaryImageOfPage\":{\"@id\":\"https:\/\/www.unicuc.mx\/inicio\/eventos\/honor-y-memoria-el-legado-del-lic-gustavo-rebora\/#primaryimage\"},\"image\":{\"@id\":\"https:\/\/www.unicuc.mx\/inicio\/eventos\/honor-y-memoria-el-legado-del-lic-gustavo-rebora\/#primaryimage\"},\"thumbnailUrl\":\"https:\/\/www.unicuc.mx\/inicio\/wp-content\/uploads\/2026\/01\/Diseno-sin-titulo-3-scaled.jpg\",\"datePublished\":\"2026-01-16T19:57:47+00:00\",\"dateModified\":\"2026-01-16T19:57:49+00:00\",\"description\":\"Descubre el legado del Lic. Gustavo Rebora, fundador del Centro Universitario Celsus y homenajeado en la ceremonia Orgullo Celayense 2025. %\",\"breadcrumb\":{\"@id\":\"https:\/\/www.unicuc.mx\/inicio\/eventos\/honor-y-memoria-el-legado-del-lic-gustavo-rebora\/#breadcrumb\"},\"inLanguage\":\"es\",\"potentialAction\":[{\"@type\":\"ReadAction\",\"target\":[\"https:\/\/www.unicuc.mx\/inicio\/eventos\/honor-y-memoria-el-legado-del-lic-gustavo-rebora\/\"]}]},{\"@type\":\"ImageObject\",\"inLanguage\":\"es\",\"@id\":\"https:\/\/www.unicuc.mx\/inicio\/eventos\/honor-y-memoria-el-legado-del-lic-gustavo-rebora\/#primaryimage\",\"url\":\"https:\/\/www.unicuc.mx\/inicio\/wp-content\/uploads\/2026\/01\/Diseno-sin-titulo-3-scaled.jpg\",\"contentUrl\":\"https:\/\/www.unicuc.mx\/inicio\/wp-content\/uploads\/2026\/01\/Diseno-sin-titulo-3-scaled.jpg\",\"width\":2560,\"height\":1280},{\"@type\":\"BreadcrumbList\",\"@id\":\"https:\/\/www.unicuc.mx\/inicio\/eventos\/honor-y-memoria-el-legado-del-lic-gustavo-rebora\/#breadcrumb\",\"itemListElement\":[{\"@type\":\"ListItem\",\"position\":1,\"name\":\"Portada\",\"item\":\"https:\/\/www.unicuc.mx\/inicio\/\"},{\"@type\":\"ListItem\",\"position\":2,\"name\":\"Honor y Memoria: El legado del Lic. Gustavo Rebora.\"}]},{\"@type\":\"WebSite\",\"@id\":\"https:\/\/www.unicuc.mx\/inicio\/#website\",\"url\":\"https:\/\/www.unicuc.mx\/inicio\/\",\"name\":\"unicuc.mx\",\"description\":\"Universidad Celsus\",\"publisher\":{\"@id\":\"https:\/\/www.unicuc.mx\/inicio\/#organization\"},\"alternateName\":\"Celsus\",\"potentialAction\":[{\"@type\":\"SearchAction\",\"target\":{\"@type\":\"EntryPoint\",\"urlTemplate\":\"https:\/\/www.unicuc.mx\/inicio\/?s={search_term_string}\"},\"query-input\":{\"@type\":\"PropertyValueSpecification\",\"valueRequired\":true,\"valueName\":\"search_term_string\"}}],\"inLanguage\":\"es\"},{\"@type\":\"Organization\",\"@id\":\"https:\/\/www.unicuc.mx\/inicio\/#organization\",\"name\":\"Instituto Celsus, S.C.\",\"alternateName\":\"Universidad Celsus\",\"url\":\"https:\/\/www.unicuc.mx\/inicio\/\",\"logo\":{\"@type\":\"ImageObject\",\"inLanguage\":\"es\",\"@id\":\"https:\/\/www.unicuc.mx\/inicio\/#\/schema\/logo\/image\/\",\"url\":\"https:\/\/www.unicuc.mx\/inicio\/wp-content\/uploads\/2019\/01\/logo-avatar.png\",\"contentUrl\":\"https:\/\/www.unicuc.mx\/inicio\/wp-content\/uploads\/2019\/01\/logo-avatar.png\",\"width\":80,\"height\":80,\"caption\":\"Instituto Celsus, S.C.\"},\"image\":{\"@id\":\"https:\/\/www.unicuc.mx\/inicio\/#\/schema\/logo\/image\/\"},\"sameAs\":[\"https:\/\/www.facebook.com\/unicelsus\",\"https:\/\/mastodon.social\/start\",\"https:\/\/www.instagram.com\/unicelsus\/\",\"https:\/\/www.linkedin.com\/in\/centro-universitario-celsus-4a37181b0\/\"],\"email\":\"admiciones@unicuc.mx\",\"telephone\":\"(461) 215 45 44\",\"legalName\":\"Instituto Celsus\",\"foundingDate\":\"2011-05-01\",\"numberOfEmployees\":{\"@type\":\"QuantitativeValue\",\"minValue\":\"11\",\"maxValue\":\"50\"},\"publishingPrinciples\":\"https:\/\/www.unicuc.mx\/inicio\/home-5\/\",\"actionableFeedbackPolicy\":\"https:\/\/www.unicuc.mx\/inicio\/reglamento\/\"},{\"@type\":\"Person\",\"@id\":\"https:\/\/www.unicuc.mx\/inicio\/#\/schema\/person\/47987ad343f1bad39acd1a27f8015a57\",\"name\":\"AdminCelsus\",\"image\":{\"@type\":\"ImageObject\",\"inLanguage\":\"es\",\"@id\":\"https:\/\/www.unicuc.mx\/inicio\/#\/schema\/person\/image\/\",\"url\":\"https:\/\/secure.gravatar.com\/avatar\/155aa453319789b8e8754b42d3055d973f2278a7817924860fb5ddf6d5e1ca33?s=96&d=mm&r=g\",\"contentUrl\":\"https:\/\/secure.gravatar.com\/avatar\/155aa453319789b8e8754b42d3055d973f2278a7817924860fb5ddf6d5e1ca33?s=96&d=mm&r=g\",\"caption\":\"AdminCelsus\"},\"sameAs\":[\"http:\/\/unicuc.mx\"],\"url\":\"https:\/\/www.unicuc.mx\/inicio\/author\/admincelsus\/\"}]}<\/script>\n<!-- \/ Yoast SEO Premium plugin. -->","yoast_head_json":{"title":"El legado del Lic. Gustavo Rebora en Celsus - CELSUS","description":"Descubre el legado del Lic. Gustavo Rebora, fundador del Centro Universitario Celsus y homenajeado en la ceremonia Orgullo Celayense 2025. %","robots":{"index":"index","follow":"follow","max-snippet":"max-snippet:-1","max-image-preview":"max-image-preview:large","max-video-preview":"max-video-preview:-1"},"canonical":"https:\/\/www.unicuc.mx\/inicio\/eventos\/honor-y-memoria-el-legado-del-lic-gustavo-rebora\/","og_locale":"es_ES","og_type":"article","og_title":"Honor y Memoria: El legado del Lic. Gustavo Rebora.","og_description":"Descubre el legado del Lic. Gustavo Rebora, fundador del Centro Universitario Celsus y homenajeado en la ceremonia Orgullo Celayense 2025. %","og_url":"https:\/\/www.unicuc.mx\/inicio\/eventos\/honor-y-memoria-el-legado-del-lic-gustavo-rebora\/","og_site_name":"CELSUS","article_publisher":"https:\/\/www.facebook.com\/unicelsus","article_published_time":"2026-01-16T19:57:47+00:00","article_modified_time":"2026-01-16T19:57:49+00:00","og_image":[{"width":2560,"height":1280,"url":"https:\/\/www.unicuc.mx\/inicio\/wp-content\/uploads\/2026\/01\/Diseno-sin-titulo-3-scaled.jpg","type":"image\/jpeg"}],"author":"AdminCelsus","twitter_card":"summary_large_image","twitter_misc":{"Escrito por":"AdminCelsus","Tiempo de lectura":"2 minutos"},"schema":{"@context":"https:\/\/schema.org","@graph":[{"@type":"Article","@id":"https:\/\/www.unicuc.mx\/inicio\/eventos\/honor-y-memoria-el-legado-del-lic-gustavo-rebora\/#article","isPartOf":{"@id":"https:\/\/www.unicuc.mx\/inicio\/eventos\/honor-y-memoria-el-legado-del-lic-gustavo-rebora\/"},"author":{"name":"AdminCelsus","@id":"https:\/\/www.unicuc.mx\/inicio\/#\/schema\/person\/47987ad343f1bad39acd1a27f8015a57"},"headline":"Honor y Memoria: El legado del Lic. Gustavo Rebora.","datePublished":"2026-01-16T19:57:47+00:00","dateModified":"2026-01-16T19:57:49+00:00","mainEntityOfPage":{"@id":"https:\/\/www.unicuc.mx\/inicio\/eventos\/honor-y-memoria-el-legado-del-lic-gustavo-rebora\/"},"wordCount":262,"commentCount":0,"publisher":{"@id":"https:\/\/www.unicuc.mx\/inicio\/#organization"},"image":{"@id":"https:\/\/www.unicuc.mx\/inicio\/eventos\/honor-y-memoria-el-legado-del-lic-gustavo-rebora\/#primaryimage"},"thumbnailUrl":"https:\/\/www.unicuc.mx\/inicio\/wp-content\/uploads\/2026\/01\/Diseno-sin-titulo-3-scaled.jpg","keywords":["Centro Universitario Celsus"],"articleSection":["Eventos"],"inLanguage":"es","potentialAction":[{"@type":"CommentAction","name":"Comment","target":["https:\/\/www.unicuc.mx\/inicio\/eventos\/honor-y-memoria-el-legado-del-lic-gustavo-rebora\/#respond"]}]},{"@type":"WebPage","@id":"https:\/\/www.unicuc.mx\/inicio\/eventos\/honor-y-memoria-el-legado-del-lic-gustavo-rebora\/","url":"https:\/\/www.unicuc.mx\/inicio\/eventos\/honor-y-memoria-el-legado-del-lic-gustavo-rebora\/","name":"El legado del Lic. Gustavo Rebora en Celsus - CELSUS","isPartOf":{"@id":"https:\/\/www.unicuc.mx\/inicio\/#website"},"primaryImageOfPage":{"@id":"https:\/\/www.unicuc.mx\/inicio\/eventos\/honor-y-memoria-el-legado-del-lic-gustavo-rebora\/#primaryimage"},"image":{"@id":"https:\/\/www.unicuc.mx\/inicio\/eventos\/honor-y-memoria-el-legado-del-lic-gustavo-rebora\/#primaryimage"},"thumbnailUrl":"https:\/\/www.unicuc.mx\/inicio\/wp-content\/uploads\/2026\/01\/Diseno-sin-titulo-3-scaled.jpg","datePublished":"2026-01-16T19:57:47+00:00","dateModified":"2026-01-16T19:57:49+00:00","description":"Descubre el legado del Lic. Gustavo Rebora, fundador del Centro Universitario Celsus y homenajeado en la ceremonia Orgullo Celayense 2025. %","breadcrumb":{"@id":"https:\/\/www.unicuc.mx\/inicio\/eventos\/honor-y-memoria-el-legado-del-lic-gustavo-rebora\/#breadcrumb"},"inLanguage":"es","potentialAction":[{"@type":"ReadAction","target":["https:\/\/www.unicuc.mx\/inicio\/eventos\/honor-y-memoria-el-legado-del-lic-gustavo-rebora\/"]}]},{"@type":"ImageObject","inLanguage":"es","@id":"https:\/\/www.unicuc.mx\/inicio\/eventos\/honor-y-memoria-el-legado-del-lic-gustavo-rebora\/#primaryimage","url":"https:\/\/www.unicuc.mx\/inicio\/wp-content\/uploads\/2026\/01\/Diseno-sin-titulo-3-scaled.jpg","contentUrl":"https:\/\/www.unicuc.mx\/inicio\/wp-content\/uploads\/2026\/01\/Diseno-sin-titulo-3-scaled.jpg","width":2560,"height":1280},{"@type":"BreadcrumbList","@id":"https:\/\/www.unicuc.mx\/inicio\/eventos\/honor-y-memoria-el-legado-del-lic-gustavo-rebora\/#breadcrumb","itemListElement":[{"@type":"ListItem","position":1,"name":"Portada","item":"https:\/\/www.unicuc.mx\/inicio\/"},{"@type":"ListItem","position":2,"name":"Honor y Memoria: El legado del Lic. Gustavo Rebora."}]},{"@type":"WebSite","@id":"https:\/\/www.unicuc.mx\/inicio\/#website","url":"https:\/\/www.unicuc.mx\/inicio\/","name":"unicuc.mx","description":"Universidad Celsus","publisher":{"@id":"https:\/\/www.unicuc.mx\/inicio\/#organization"},"alternateName":"Celsus","potentialAction":[{"@type":"SearchAction","target":{"@type":"EntryPoint","urlTemplate":"https:\/\/www.unicuc.mx\/inicio\/?s={search_term_string}"},"query-input":{"@type":"PropertyValueSpecification","valueRequired":true,"valueName":"search_term_string"}}],"inLanguage":"es"},{"@type":"Organization","@id":"https:\/\/www.unicuc.mx\/inicio\/#organization","name":"Instituto Celsus, S.C.","alternateName":"Universidad Celsus","url":"https:\/\/www.unicuc.mx\/inicio\/","logo":{"@type":"ImageObject","inLanguage":"es","@id":"https:\/\/www.unicuc.mx\/inicio\/#\/schema\/logo\/image\/","url":"https:\/\/www.unicuc.mx\/inicio\/wp-content\/uploads\/2019\/01\/logo-avatar.png","contentUrl":"https:\/\/www.unicuc.mx\/inicio\/wp-content\/uploads\/2019\/01\/logo-avatar.png","width":80,"height":80,"caption":"Instituto Celsus, S.C."},"image":{"@id":"https:\/\/www.unicuc.mx\/inicio\/#\/schema\/logo\/image\/"},"sameAs":["https:\/\/www.facebook.com\/unicelsus","https:\/\/mastodon.social\/start","https:\/\/www.instagram.com\/unicelsus\/","https:\/\/www.linkedin.com\/in\/centro-universitario-celsus-4a37181b0\/"],"email":"admiciones@unicuc.mx","telephone":"(461) 215 45 44","legalName":"Instituto Celsus","foundingDate":"2011-05-01","numberOfEmployees":{"@type":"QuantitativeValue","minValue":"11","maxValue":"50"},"publishingPrinciples":"https:\/\/www.unicuc.mx\/inicio\/home-5\/","actionableFeedbackPolicy":"https:\/\/www.unicuc.mx\/inicio\/reglamento\/"},{"@type":"Person","@id":"https:\/\/www.unicuc.mx\/inicio\/#\/schema\/person\/47987ad343f1bad39acd1a27f8015a57","name":"AdminCelsus","image":{"@type":"ImageObject","inLanguage":"es","@id":"https:\/\/www.unicuc.mx\/inicio\/#\/schema\/person\/image\/","url":"https:\/\/secure.gravatar.com\/avatar\/155aa453319789b8e8754b42d3055d973f2278a7817924860fb5ddf6d5e1ca33?s=96&d=mm&r=g","contentUrl":"https:\/\/secure.gravatar.com\/avatar\/155aa453319789b8e8754b42d3055d973f2278a7817924860fb5ddf6d5e1ca33?s=96&d=mm&r=g","caption":"AdminCelsus"},"sameAs":["http:\/\/unicuc.mx"],"url":"https:\/\/www.unicuc.mx\/inicio\/author\/admincelsus\/"}]}},"_links":{"self":[{"href":"https:\/\/www.unicuc.mx\/inicio\/wp-json\/wp\/v2\/posts\/3748","targetHints":{"allow":["GET"]}}],"collection":[{"href":"https:\/\/www.unicuc.mx\/inicio\/wp-json\/wp\/v2\/posts"}],"about":[{"href":"https:\/\/www.unicuc.mx\/inicio\/wp-json\/wp\/v2\/types\/post"}],"author":[{"embeddable":true,"href":"https:\/\/www.unicuc.mx\/inicio\/wp-json\/wp\/v2\/users\/2"}],"replies":[{"embeddable":true,"href":"https:\/\/www.unicuc.mx\/inicio\/wp-json\/wp\/v2\/comments?post=3748"}],"version-history":[{"count":23,"href":"https:\/\/www.unicuc.mx\/inicio\/wp-json\/wp\/v2\/posts\/3748\/revisions"}],"predecessor-version":[{"id":3774,"href":"https:\/\/www.unicuc.mx\/inicio\/wp-json\/wp\/v2\/posts\/3748\/revisions\/3774"}],"wp:featuredmedia":[{"embeddable":true,"href":"https:\/\/www.unicuc.mx\/inicio\/wp-json\/wp\/v2\/media\/3767"}],"wp:attachment":[{"href":"https:\/\/www.unicuc.mx\/inicio\/wp-json\/wp\/v2\/media?parent=3748"}],"wp:term":[{"taxonomy":"category","embeddable":true,"href":"https:\/\/www.unicuc.mx\/inicio\/wp-json\/wp\/v2\/categories?post=3748"},{"taxonomy":"post_tag","embeddable":true,"href":"https:\/\/www.unicuc.mx\/inicio\/wp-json\/wp\/v2\/tags?post=3748"}],"curies":[{"name":"wp","href":"https:\/\/api.w.org\/{rel}","templated":true}]}}