{"id":3775,"date":"2026-01-08T21:04:35","date_gmt":"2026-01-08T21:04:35","guid":{"rendered":"https:\/\/www.unicuc.mx\/inicio\/?p=3775"},"modified":"2026-01-16T21:07:54","modified_gmt":"2026-01-16T21:07:54","slug":"alianza-estrategica-que-impulsa-el-futuro","status":"publish","type":"post","link":"https:\/\/www.unicuc.mx\/inicio\/eventos\/alianza-estrategica-que-impulsa-el-futuro\/","title":{"rendered":"\u00a1Alianza Estrat\u00e9gica que Impulsa el Futuro!"},"content":{"rendered":"\n<p>En la Universidad Celsus recibimos con gran honor la visita institucional de CANACINTRA Celaya, encabezada por su Presidente, el C.P. Mart\u00edn Bejarano Ferreyra, junto con parte de su equipo directivo.<\/p>\n\n\n\n<p>Durante este encuentro se definieron nuevos ejes de vinculaci\u00f3n estrat\u00e9gica que permitir\u00e1n fortalecer nuestra oferta educativa y ampliar las oportunidades de capacitaci\u00f3n, desarrollo profesional y pr\u00e1cticas para estudiantes, en beneficio directo del sector industrial de la regi\u00f3n.<\/p>\n\n\n\n<p>En Celsus reafirmamos nuestro compromiso con el progreso, la innovaci\u00f3n y el desarrollo conjunto. <a href=\"https:\/\/www.facebook.com\/unicelsus\/posts\/pfbid0hqNmmtWT167jtNBhy61rCFG7XsJYg7FbvE7rKvdayDqs83u9NQXDBVxtCDogp7u3l\">Ver m\u00e1s&#8230;.<\/a><\/p>\n\n\n\n<figure class=\"wp-block-gallery has-nested-images columns-default is-cropped wp-block-gallery-1 is-layout-flex wp-block-gallery-is-layout-flex\">\n<figure class=\"wp-block-image size-large\"><a href=\"https:\/\/www.unicuc.mx\/inicio\/wp-content\/uploads\/2026\/01\/WhatsApp-Image-2026-01-16-at-2.29.01-PM.jpeg\"><img loading=\"lazy\" decoding=\"async\" width=\"769\" height=\"1024\" data-id=\"3777\" src=\"https:\/\/www.unicuc.mx\/inicio\/wp-content\/uploads\/2026\/01\/WhatsApp-Image-2026-01-16-at-2.29.01-PM-769x1024.jpeg\" alt=\"\" class=\"wp-image-3777\" srcset=\"https:\/\/www.unicuc.mx\/inicio\/wp-content\/uploads\/2026\/01\/WhatsApp-Image-2026-01-16-at-2.29.01-PM-769x1024.jpeg 769w, https:\/\/www.unicuc.mx\/inicio\/wp-content\/uploads\/2026\/01\/WhatsApp-Image-2026-01-16-at-2.29.01-PM-225x300.jpeg 225w, https:\/\/www.unicuc.mx\/inicio\/wp-content\/uploads\/2026\/01\/WhatsApp-Image-2026-01-16-at-2.29.01-PM-768x1023.jpeg 768w, https:\/\/www.unicuc.mx\/inicio\/wp-content\/uploads\/2026\/01\/WhatsApp-Image-2026-01-16-at-2.29.01-PM.jpeg 868w\" sizes=\"auto, (max-width: 769px) 100vw, 769px\" \/><\/a><\/figure>\n\n\n\n<figure class=\"wp-block-image size-large\"><a href=\"https:\/\/www.unicuc.mx\/inicio\/wp-content\/uploads\/2026\/01\/WhatsApp-Image-2026-01-16-at-2.29.06-1PM.jpeg\"><img loading=\"lazy\" decoding=\"async\" width=\"769\" height=\"1024\" data-id=\"3779\" src=\"https:\/\/www.unicuc.mx\/inicio\/wp-content\/uploads\/2026\/01\/WhatsApp-Image-2026-01-16-at-2.29.06-1PM-769x1024.jpeg\" alt=\"\" class=\"wp-image-3779\" srcset=\"https:\/\/www.unicuc.mx\/inicio\/wp-content\/uploads\/2026\/01\/WhatsApp-Image-2026-01-16-at-2.29.06-1PM-769x1024.jpeg 769w, https:\/\/www.unicuc.mx\/inicio\/wp-content\/uploads\/2026\/01\/WhatsApp-Image-2026-01-16-at-2.29.06-1PM-225x300.jpeg 225w, https:\/\/www.unicuc.mx\/inicio\/wp-content\/uploads\/2026\/01\/WhatsApp-Image-2026-01-16-at-2.29.06-1PM-768x1023.jpeg 768w, https:\/\/www.unicuc.mx\/inicio\/wp-content\/uploads\/2026\/01\/WhatsApp-Image-2026-01-16-at-2.29.06-1PM.jpeg 868w\" sizes=\"auto, (max-width: 769px) 100vw, 769px\" \/><\/a><\/figure>\n\n\n\n<figure class=\"wp-block-image size-large\"><a href=\"https:\/\/www.unicuc.mx\/inicio\/wp-content\/uploads\/2026\/01\/WhatsApp-Image-2026-01-16-at-2.29.06-PM.jpeg\"><img loading=\"lazy\" decoding=\"async\" width=\"1024\" height=\"769\" data-id=\"3778\" src=\"https:\/\/www.unicuc.mx\/inicio\/wp-content\/uploads\/2026\/01\/WhatsApp-Image-2026-01-16-at-2.29.06-PM-1024x769.jpeg\" alt=\"\" class=\"wp-image-3778\" srcset=\"https:\/\/www.unicuc.mx\/inicio\/wp-content\/uploads\/2026\/01\/WhatsApp-Image-2026-01-16-at-2.29.06-PM-1024x769.jpeg 1024w, https:\/\/www.unicuc.mx\/inicio\/wp-content\/uploads\/2026\/01\/WhatsApp-Image-2026-01-16-at-2.29.06-PM-300x225.jpeg 300w, https:\/\/www.unicuc.mx\/inicio\/wp-content\/uploads\/2026\/01\/WhatsApp-Image-2026-01-16-at-2.29.06-PM-768x577.jpeg 768w, https:\/\/www.unicuc.mx\/inicio\/wp-content\/uploads\/2026\/01\/WhatsApp-Image-2026-01-16-at-2.29.06-PM.jpeg 1156w\" sizes=\"auto, (max-width: 1024px) 100vw, 1024px\" \/><\/a><\/figure>\n\n\n\n<figure class=\"wp-block-image size-large\"><a href=\"https:\/\/www.unicuc.mx\/inicio\/wp-content\/uploads\/2026\/01\/TEMARIO-DE-OBEJCIONES-EN-COBRANZA-2.jpg\"><img loading=\"lazy\" decoding=\"async\" width=\"940\" height=\"788\" data-id=\"3776\" src=\"https:\/\/www.unicuc.mx\/inicio\/wp-content\/uploads\/2026\/01\/TEMARIO-DE-OBEJCIONES-EN-COBRANZA-2.jpg\" alt=\"\" class=\"wp-image-3776\" srcset=\"https:\/\/www.unicuc.mx\/inicio\/wp-content\/uploads\/2026\/01\/TEMARIO-DE-OBEJCIONES-EN-COBRANZA-2.jpg 940w, https:\/\/www.unicuc.mx\/inicio\/wp-content\/uploads\/2026\/01\/TEMARIO-DE-OBEJCIONES-EN-COBRANZA-2-300x251.jpg 300w, https:\/\/www.unicuc.mx\/inicio\/wp-content\/uploads\/2026\/01\/TEMARIO-DE-OBEJCIONES-EN-COBRANZA-2-768x644.jpg 768w\" sizes=\"auto, (max-width: 940px) 100vw, 940px\" \/><\/a><\/figure>\n<\/figure>\n","protected":false},"excerpt":{"rendered":"<p>En la Universidad Celsus recibimos con gran honor la visita institucional de CANACINTRA Celaya, encabezada por su Presidente, el C.P. Mart\u00edn Bejarano Ferreyra, junto con parte de su equipo directivo. Durante este encuentro se definieron nuevos ejes de vinculaci\u00f3n estrat\u00e9gica que permitir\u00e1n fortalecer nuestra oferta educativa y ampliar las oportunidades de capacitaci\u00f3n, desarrollo profesional y [&hellip;]<\/p>\n","protected":false},"author":2,"featured_media":3776,"comment_status":"open","ping_status":"open","sticky":false,"template":"","format":"standard","meta":{"_exactmetrics_skip_tracking":false,"_exactmetrics_sitenote_active":false,"_exactmetrics_sitenote_note":"","_exactmetrics_sitenote_category":0,"_uf_show_specific_survey":0,"_uf_disable_surveys":false,"footnotes":""},"categories":[147],"tags":[148,42],"class_list":["post-3775","post","type-post","status-publish","format-standard","has-post-thumbnail","hentry","category-eventos","tag-canacintra","tag-centro-universitario-celsus"],"yoast_head":"<!-- This site is optimized with the Yoast SEO Premium plugin v26.8 (Yoast SEO v26.8) - https:\/\/yoast.com\/product\/yoast-seo-premium-wordpress\/ -->\n<title>\u00a1Alianza Estrat\u00e9gica que Impulsa el Futuro! - CELSUS<\/title>\n<meta name=\"description\" content=\"Eventos \u00a1Alianza Estrat\u00e9gica que Impulsa el Futuro! Eventos - CELSUS\" \/>\n<meta name=\"robots\" content=\"index, follow, max-snippet:-1, max-image-preview:large, max-video-preview:-1\" \/>\n<link rel=\"canonical\" href=\"https:\/\/www.unicuc.mx\/inicio\/eventos\/alianza-estrategica-que-impulsa-el-futuro\/\" \/>\n<meta property=\"og:locale\" content=\"es_ES\" \/>\n<meta property=\"og:type\" content=\"article\" \/>\n<meta property=\"og:title\" content=\"\u00a1Alianza Estrat\u00e9gica que Impulsa el Futuro!\" \/>\n<meta property=\"og:description\" content=\"Eventos \u00a1Alianza Estrat\u00e9gica que Impulsa el Futuro! Eventos - CELSUS\" \/>\n<meta property=\"og:url\" content=\"https:\/\/www.unicuc.mx\/inicio\/eventos\/alianza-estrategica-que-impulsa-el-futuro\/\" \/>\n<meta property=\"og:site_name\" content=\"CELSUS\" \/>\n<meta property=\"article:publisher\" content=\"https:\/\/www.facebook.com\/unicelsus\" \/>\n<meta property=\"article:published_time\" content=\"2026-01-08T21:04:35+00:00\" \/>\n<meta property=\"article:modified_time\" content=\"2026-01-16T21:07:54+00:00\" \/>\n<meta property=\"og:image\" content=\"https:\/\/www.unicuc.mx\/inicio\/wp-content\/uploads\/2026\/01\/TEMARIO-DE-OBEJCIONES-EN-COBRANZA-2.jpg\" \/>\n\t<meta property=\"og:image:width\" content=\"940\" \/>\n\t<meta property=\"og:image:height\" content=\"788\" \/>\n\t<meta property=\"og:image:type\" content=\"image\/jpeg\" \/>\n<meta name=\"author\" content=\"AdminCelsus\" \/>\n<meta name=\"twitter:card\" content=\"summary_large_image\" \/>\n<meta name=\"twitter:label1\" content=\"Escrito por\" \/>\n\t<meta name=\"twitter:data1\" content=\"AdminCelsus\" \/>\n\t<meta name=\"twitter:label2\" content=\"Tiempo de lectura\" \/>\n\t<meta name=\"twitter:data2\" content=\"2 minutos\" \/>\n<script type=\"application\/ld+json\" class=\"yoast-schema-graph\">{\"@context\":\"https:\/\/schema.org\",\"@graph\":[{\"@type\":\"Article\",\"@id\":\"https:\/\/www.unicuc.mx\/inicio\/eventos\/alianza-estrategica-que-impulsa-el-futuro\/#article\",\"isPartOf\":{\"@id\":\"https:\/\/www.unicuc.mx\/inicio\/eventos\/alianza-estrategica-que-impulsa-el-futuro\/\"},\"author\":{\"name\":\"AdminCelsus\",\"@id\":\"https:\/\/www.unicuc.mx\/inicio\/#\/schema\/person\/47987ad343f1bad39acd1a27f8015a57\"},\"headline\":\"\u00a1Alianza Estrat\u00e9gica que Impulsa el Futuro!\",\"datePublished\":\"2026-01-08T21:04:35+00:00\",\"dateModified\":\"2026-01-16T21:07:54+00:00\",\"mainEntityOfPage\":{\"@id\":\"https:\/\/www.unicuc.mx\/inicio\/eventos\/alianza-estrategica-que-impulsa-el-futuro\/\"},\"wordCount\":100,\"commentCount\":0,\"publisher\":{\"@id\":\"https:\/\/www.unicuc.mx\/inicio\/#organization\"},\"image\":{\"@id\":\"https:\/\/www.unicuc.mx\/inicio\/eventos\/alianza-estrategica-que-impulsa-el-futuro\/#primaryimage\"},\"thumbnailUrl\":\"https:\/\/www.unicuc.mx\/inicio\/wp-content\/uploads\/2026\/01\/TEMARIO-DE-OBEJCIONES-EN-COBRANZA-2.jpg\",\"keywords\":[\"CANACINTRA\",\"Centro Universitario Celsus\"],\"articleSection\":[\"Eventos\"],\"inLanguage\":\"es\",\"potentialAction\":[{\"@type\":\"CommentAction\",\"name\":\"Comment\",\"target\":[\"https:\/\/www.unicuc.mx\/inicio\/eventos\/alianza-estrategica-que-impulsa-el-futuro\/#respond\"]}]},{\"@type\":\"WebPage\",\"@id\":\"https:\/\/www.unicuc.mx\/inicio\/eventos\/alianza-estrategica-que-impulsa-el-futuro\/\",\"url\":\"https:\/\/www.unicuc.mx\/inicio\/eventos\/alianza-estrategica-que-impulsa-el-futuro\/\",\"name\":\"\u00a1Alianza Estrat\u00e9gica que Impulsa el Futuro! - CELSUS\",\"isPartOf\":{\"@id\":\"https:\/\/www.unicuc.mx\/inicio\/#website\"},\"primaryImageOfPage\":{\"@id\":\"https:\/\/www.unicuc.mx\/inicio\/eventos\/alianza-estrategica-que-impulsa-el-futuro\/#primaryimage\"},\"image\":{\"@id\":\"https:\/\/www.unicuc.mx\/inicio\/eventos\/alianza-estrategica-que-impulsa-el-futuro\/#primaryimage\"},\"thumbnailUrl\":\"https:\/\/www.unicuc.mx\/inicio\/wp-content\/uploads\/2026\/01\/TEMARIO-DE-OBEJCIONES-EN-COBRANZA-2.jpg\",\"datePublished\":\"2026-01-08T21:04:35+00:00\",\"dateModified\":\"2026-01-16T21:07:54+00:00\",\"description\":\"Eventos \u00a1Alianza Estrat\u00e9gica que Impulsa el Futuro! Eventos - CELSUS\",\"breadcrumb\":{\"@id\":\"https:\/\/www.unicuc.mx\/inicio\/eventos\/alianza-estrategica-que-impulsa-el-futuro\/#breadcrumb\"},\"inLanguage\":\"es\",\"potentialAction\":[{\"@type\":\"ReadAction\",\"target\":[\"https:\/\/www.unicuc.mx\/inicio\/eventos\/alianza-estrategica-que-impulsa-el-futuro\/\"]}]},{\"@type\":\"ImageObject\",\"inLanguage\":\"es\",\"@id\":\"https:\/\/www.unicuc.mx\/inicio\/eventos\/alianza-estrategica-que-impulsa-el-futuro\/#primaryimage\",\"url\":\"https:\/\/www.unicuc.mx\/inicio\/wp-content\/uploads\/2026\/01\/TEMARIO-DE-OBEJCIONES-EN-COBRANZA-2.jpg\",\"contentUrl\":\"https:\/\/www.unicuc.mx\/inicio\/wp-content\/uploads\/2026\/01\/TEMARIO-DE-OBEJCIONES-EN-COBRANZA-2.jpg\",\"width\":940,\"height\":788},{\"@type\":\"BreadcrumbList\",\"@id\":\"https:\/\/www.unicuc.mx\/inicio\/eventos\/alianza-estrategica-que-impulsa-el-futuro\/#breadcrumb\",\"itemListElement\":[{\"@type\":\"ListItem\",\"position\":1,\"name\":\"Portada\",\"item\":\"https:\/\/www.unicuc.mx\/inicio\/\"},{\"@type\":\"ListItem\",\"position\":2,\"name\":\"\u00a1Alianza Estrat\u00e9gica que Impulsa el Futuro!\"}]},{\"@type\":\"WebSite\",\"@id\":\"https:\/\/www.unicuc.mx\/inicio\/#website\",\"url\":\"https:\/\/www.unicuc.mx\/inicio\/\",\"name\":\"unicuc.mx\",\"description\":\"Universidad Celsus\",\"publisher\":{\"@id\":\"https:\/\/www.unicuc.mx\/inicio\/#organization\"},\"alternateName\":\"Celsus\",\"potentialAction\":[{\"@type\":\"SearchAction\",\"target\":{\"@type\":\"EntryPoint\",\"urlTemplate\":\"https:\/\/www.unicuc.mx\/inicio\/?s={search_term_string}\"},\"query-input\":{\"@type\":\"PropertyValueSpecification\",\"valueRequired\":true,\"valueName\":\"search_term_string\"}}],\"inLanguage\":\"es\"},{\"@type\":\"Organization\",\"@id\":\"https:\/\/www.unicuc.mx\/inicio\/#organization\",\"name\":\"Instituto Celsus, S.C.\",\"alternateName\":\"Universidad Celsus\",\"url\":\"https:\/\/www.unicuc.mx\/inicio\/\",\"logo\":{\"@type\":\"ImageObject\",\"inLanguage\":\"es\",\"@id\":\"https:\/\/www.unicuc.mx\/inicio\/#\/schema\/logo\/image\/\",\"url\":\"https:\/\/www.unicuc.mx\/inicio\/wp-content\/uploads\/2019\/01\/logo-avatar.png\",\"contentUrl\":\"https:\/\/www.unicuc.mx\/inicio\/wp-content\/uploads\/2019\/01\/logo-avatar.png\",\"width\":80,\"height\":80,\"caption\":\"Instituto Celsus, S.C.\"},\"image\":{\"@id\":\"https:\/\/www.unicuc.mx\/inicio\/#\/schema\/logo\/image\/\"},\"sameAs\":[\"https:\/\/www.facebook.com\/unicelsus\",\"https:\/\/mastodon.social\/start\",\"https:\/\/www.instagram.com\/unicelsus\/\",\"https:\/\/www.linkedin.com\/in\/centro-universitario-celsus-4a37181b0\/\"],\"email\":\"admiciones@unicuc.mx\",\"telephone\":\"(461) 215 45 44\",\"legalName\":\"Instituto Celsus\",\"foundingDate\":\"2011-05-01\",\"numberOfEmployees\":{\"@type\":\"QuantitativeValue\",\"minValue\":\"11\",\"maxValue\":\"50\"},\"publishingPrinciples\":\"https:\/\/www.unicuc.mx\/inicio\/home-5\/\",\"actionableFeedbackPolicy\":\"https:\/\/www.unicuc.mx\/inicio\/reglamento\/\"},{\"@type\":\"Person\",\"@id\":\"https:\/\/www.unicuc.mx\/inicio\/#\/schema\/person\/47987ad343f1bad39acd1a27f8015a57\",\"name\":\"AdminCelsus\",\"image\":{\"@type\":\"ImageObject\",\"inLanguage\":\"es\",\"@id\":\"https:\/\/www.unicuc.mx\/inicio\/#\/schema\/person\/image\/\",\"url\":\"https:\/\/secure.gravatar.com\/avatar\/155aa453319789b8e8754b42d3055d973f2278a7817924860fb5ddf6d5e1ca33?s=96&d=mm&r=g\",\"contentUrl\":\"https:\/\/secure.gravatar.com\/avatar\/155aa453319789b8e8754b42d3055d973f2278a7817924860fb5ddf6d5e1ca33?s=96&d=mm&r=g\",\"caption\":\"AdminCelsus\"},\"sameAs\":[\"http:\/\/unicuc.mx\"],\"url\":\"https:\/\/www.unicuc.mx\/inicio\/author\/admincelsus\/\"}]}<\/script>\n<!-- \/ Yoast SEO Premium plugin. -->","yoast_head_json":{"title":"\u00a1Alianza Estrat\u00e9gica que Impulsa el Futuro! - CELSUS","description":"Eventos \u00a1Alianza Estrat\u00e9gica que Impulsa el Futuro! Eventos - CELSUS","robots":{"index":"index","follow":"follow","max-snippet":"max-snippet:-1","max-image-preview":"max-image-preview:large","max-video-preview":"max-video-preview:-1"},"canonical":"https:\/\/www.unicuc.mx\/inicio\/eventos\/alianza-estrategica-que-impulsa-el-futuro\/","og_locale":"es_ES","og_type":"article","og_title":"\u00a1Alianza Estrat\u00e9gica que Impulsa el Futuro!","og_description":"Eventos \u00a1Alianza Estrat\u00e9gica que Impulsa el Futuro! Eventos - CELSUS","og_url":"https:\/\/www.unicuc.mx\/inicio\/eventos\/alianza-estrategica-que-impulsa-el-futuro\/","og_site_name":"CELSUS","article_publisher":"https:\/\/www.facebook.com\/unicelsus","article_published_time":"2026-01-08T21:04:35+00:00","article_modified_time":"2026-01-16T21:07:54+00:00","og_image":[{"width":940,"height":788,"url":"https:\/\/www.unicuc.mx\/inicio\/wp-content\/uploads\/2026\/01\/TEMARIO-DE-OBEJCIONES-EN-COBRANZA-2.jpg","type":"image\/jpeg"}],"author":"AdminCelsus","twitter_card":"summary_large_image","twitter_misc":{"Escrito por":"AdminCelsus","Tiempo de lectura":"2 minutos"},"schema":{"@context":"https:\/\/schema.org","@graph":[{"@type":"Article","@id":"https:\/\/www.unicuc.mx\/inicio\/eventos\/alianza-estrategica-que-impulsa-el-futuro\/#article","isPartOf":{"@id":"https:\/\/www.unicuc.mx\/inicio\/eventos\/alianza-estrategica-que-impulsa-el-futuro\/"},"author":{"name":"AdminCelsus","@id":"https:\/\/www.unicuc.mx\/inicio\/#\/schema\/person\/47987ad343f1bad39acd1a27f8015a57"},"headline":"\u00a1Alianza Estrat\u00e9gica que Impulsa el Futuro!","datePublished":"2026-01-08T21:04:35+00:00","dateModified":"2026-01-16T21:07:54+00:00","mainEntityOfPage":{"@id":"https:\/\/www.unicuc.mx\/inicio\/eventos\/alianza-estrategica-que-impulsa-el-futuro\/"},"wordCount":100,"commentCount":0,"publisher":{"@id":"https:\/\/www.unicuc.mx\/inicio\/#organization"},"image":{"@id":"https:\/\/www.unicuc.mx\/inicio\/eventos\/alianza-estrategica-que-impulsa-el-futuro\/#primaryimage"},"thumbnailUrl":"https:\/\/www.unicuc.mx\/inicio\/wp-content\/uploads\/2026\/01\/TEMARIO-DE-OBEJCIONES-EN-COBRANZA-2.jpg","keywords":["CANACINTRA","Centro Universitario Celsus"],"articleSection":["Eventos"],"inLanguage":"es","potentialAction":[{"@type":"CommentAction","name":"Comment","target":["https:\/\/www.unicuc.mx\/inicio\/eventos\/alianza-estrategica-que-impulsa-el-futuro\/#respond"]}]},{"@type":"WebPage","@id":"https:\/\/www.unicuc.mx\/inicio\/eventos\/alianza-estrategica-que-impulsa-el-futuro\/","url":"https:\/\/www.unicuc.mx\/inicio\/eventos\/alianza-estrategica-que-impulsa-el-futuro\/","name":"\u00a1Alianza Estrat\u00e9gica que Impulsa el Futuro! - CELSUS","isPartOf":{"@id":"https:\/\/www.unicuc.mx\/inicio\/#website"},"primaryImageOfPage":{"@id":"https:\/\/www.unicuc.mx\/inicio\/eventos\/alianza-estrategica-que-impulsa-el-futuro\/#primaryimage"},"image":{"@id":"https:\/\/www.unicuc.mx\/inicio\/eventos\/alianza-estrategica-que-impulsa-el-futuro\/#primaryimage"},"thumbnailUrl":"https:\/\/www.unicuc.mx\/inicio\/wp-content\/uploads\/2026\/01\/TEMARIO-DE-OBEJCIONES-EN-COBRANZA-2.jpg","datePublished":"2026-01-08T21:04:35+00:00","dateModified":"2026-01-16T21:07:54+00:00","description":"Eventos \u00a1Alianza Estrat\u00e9gica que Impulsa el Futuro! Eventos - CELSUS","breadcrumb":{"@id":"https:\/\/www.unicuc.mx\/inicio\/eventos\/alianza-estrategica-que-impulsa-el-futuro\/#breadcrumb"},"inLanguage":"es","potentialAction":[{"@type":"ReadAction","target":["https:\/\/www.unicuc.mx\/inicio\/eventos\/alianza-estrategica-que-impulsa-el-futuro\/"]}]},{"@type":"ImageObject","inLanguage":"es","@id":"https:\/\/www.unicuc.mx\/inicio\/eventos\/alianza-estrategica-que-impulsa-el-futuro\/#primaryimage","url":"https:\/\/www.unicuc.mx\/inicio\/wp-content\/uploads\/2026\/01\/TEMARIO-DE-OBEJCIONES-EN-COBRANZA-2.jpg","contentUrl":"https:\/\/www.unicuc.mx\/inicio\/wp-content\/uploads\/2026\/01\/TEMARIO-DE-OBEJCIONES-EN-COBRANZA-2.jpg","width":940,"height":788},{"@type":"BreadcrumbList","@id":"https:\/\/www.unicuc.mx\/inicio\/eventos\/alianza-estrategica-que-impulsa-el-futuro\/#breadcrumb","itemListElement":[{"@type":"ListItem","position":1,"name":"Portada","item":"https:\/\/www.unicuc.mx\/inicio\/"},{"@type":"ListItem","position":2,"name":"\u00a1Alianza Estrat\u00e9gica que Impulsa el Futuro!"}]},{"@type":"WebSite","@id":"https:\/\/www.unicuc.mx\/inicio\/#website","url":"https:\/\/www.unicuc.mx\/inicio\/","name":"unicuc.mx","description":"Universidad Celsus","publisher":{"@id":"https:\/\/www.unicuc.mx\/inicio\/#organization"},"alternateName":"Celsus","potentialAction":[{"@type":"SearchAction","target":{"@type":"EntryPoint","urlTemplate":"https:\/\/www.unicuc.mx\/inicio\/?s={search_term_string}"},"query-input":{"@type":"PropertyValueSpecification","valueRequired":true,"valueName":"search_term_string"}}],"inLanguage":"es"},{"@type":"Organization","@id":"https:\/\/www.unicuc.mx\/inicio\/#organization","name":"Instituto Celsus, S.C.","alternateName":"Universidad Celsus","url":"https:\/\/www.unicuc.mx\/inicio\/","logo":{"@type":"ImageObject","inLanguage":"es","@id":"https:\/\/www.unicuc.mx\/inicio\/#\/schema\/logo\/image\/","url":"https:\/\/www.unicuc.mx\/inicio\/wp-content\/uploads\/2019\/01\/logo-avatar.png","contentUrl":"https:\/\/www.unicuc.mx\/inicio\/wp-content\/uploads\/2019\/01\/logo-avatar.png","width":80,"height":80,"caption":"Instituto Celsus, S.C."},"image":{"@id":"https:\/\/www.unicuc.mx\/inicio\/#\/schema\/logo\/image\/"},"sameAs":["https:\/\/www.facebook.com\/unicelsus","https:\/\/mastodon.social\/start","https:\/\/www.instagram.com\/unicelsus\/","https:\/\/www.linkedin.com\/in\/centro-universitario-celsus-4a37181b0\/"],"email":"admiciones@unicuc.mx","telephone":"(461) 215 45 44","legalName":"Instituto Celsus","foundingDate":"2011-05-01","numberOfEmployees":{"@type":"QuantitativeValue","minValue":"11","maxValue":"50"},"publishingPrinciples":"https:\/\/www.unicuc.mx\/inicio\/home-5\/","actionableFeedbackPolicy":"https:\/\/www.unicuc.mx\/inicio\/reglamento\/"},{"@type":"Person","@id":"https:\/\/www.unicuc.mx\/inicio\/#\/schema\/person\/47987ad343f1bad39acd1a27f8015a57","name":"AdminCelsus","image":{"@type":"ImageObject","inLanguage":"es","@id":"https:\/\/www.unicuc.mx\/inicio\/#\/schema\/person\/image\/","url":"https:\/\/secure.gravatar.com\/avatar\/155aa453319789b8e8754b42d3055d973f2278a7817924860fb5ddf6d5e1ca33?s=96&d=mm&r=g","contentUrl":"https:\/\/secure.gravatar.com\/avatar\/155aa453319789b8e8754b42d3055d973f2278a7817924860fb5ddf6d5e1ca33?s=96&d=mm&r=g","caption":"AdminCelsus"},"sameAs":["http:\/\/unicuc.mx"],"url":"https:\/\/www.unicuc.mx\/inicio\/author\/admincelsus\/"}]}},"_links":{"self":[{"href":"https:\/\/www.unicuc.mx\/inicio\/wp-json\/wp\/v2\/posts\/3775","targetHints":{"allow":["GET"]}}],"collection":[{"href":"https:\/\/www.unicuc.mx\/inicio\/wp-json\/wp\/v2\/posts"}],"about":[{"href":"https:\/\/www.unicuc.mx\/inicio\/wp-json\/wp\/v2\/types\/post"}],"author":[{"embeddable":true,"href":"https:\/\/www.unicuc.mx\/inicio\/wp-json\/wp\/v2\/users\/2"}],"replies":[{"embeddable":true,"href":"https:\/\/www.unicuc.mx\/inicio\/wp-json\/wp\/v2\/comments?post=3775"}],"version-history":[{"count":4,"href":"https:\/\/www.unicuc.mx\/inicio\/wp-json\/wp\/v2\/posts\/3775\/revisions"}],"predecessor-version":[{"id":3783,"href":"https:\/\/www.unicuc.mx\/inicio\/wp-json\/wp\/v2\/posts\/3775\/revisions\/3783"}],"wp:featuredmedia":[{"embeddable":true,"href":"https:\/\/www.unicuc.mx\/inicio\/wp-json\/wp\/v2\/media\/3776"}],"wp:attachment":[{"href":"https:\/\/www.unicuc.mx\/inicio\/wp-json\/wp\/v2\/media?parent=3775"}],"wp:term":[{"taxonomy":"category","embeddable":true,"href":"https:\/\/www.unicuc.mx\/inicio\/wp-json\/wp\/v2\/categories?post=3775"},{"taxonomy":"post_tag","embeddable":true,"href":"https:\/\/www.unicuc.mx\/inicio\/wp-json\/wp\/v2\/tags?post=3775"}],"curies":[{"name":"wp","href":"https:\/\/api.w.org\/{rel}","templated":true}]}}